{"id":1316,"date":"2024-08-03T12:11:56","date_gmt":"2024-08-03T10:11:56","guid":{"rendered":"https:\/\/sekelskiftesdagarna.se\/?p=1316"},"modified":"2024-08-02T13:22:27","modified_gmt":"2024-08-02T11:22:27","slug":"konserter-under-sekelskiftesdagar","status":"publish","type":"post","link":"https:\/\/sekelskiftesdagarna.se\/sv_se\/2024\/08\/03\/konserter-under-sekelskiftesdagar\/","title":{"rendered":"Konserter under Sekelskiftesdagar"},"content":{"rendered":"\n<p>Under \u00e5rets Sekelskiftesdagar kommer fyra konserter h\u00e5llas i Marstrands kyrka. <\/p>\n\n\n\n<p>P\u00e5 fredagen 16.00 bjuder Ranrike spelm\u00e4n p\u00e5 h\u00e4rlig bohusl\u00e4nsk musik.<br>Sedan 18.30 sker den \u00e5rliga Sommarkonserten med sommarjobbare fr\u00e5n Kung\u00e4lvs kommun.<\/p>\n\n\n\n<p>Under l\u00f6rdagen kommer Martin Bagge och David Anthin framf\u00f6r en Taube afton vid 18.00. <br><br>P\u00e5 s\u00f6ndagen h\u00e5ller Kung\u00e4lvs musikk\u00e5r med Magnus Johansson en konsert i Marstrands kyrka kl. 17.00  <\/p>\n\n\n\n<figure class=\"wp-block-gallery has-nested-images columns-default is-cropped wp-block-gallery-1 is-layout-flex wp-block-gallery-is-layout-flex\">\n<figure class=\"wp-block-image size-large\"><img loading=\"lazy\" decoding=\"async\" width=\"683\" height=\"1024\" data-id=\"1318\" src=\"https:\/\/sekelskiftesdagarna.se\/wp-content\/uploads\/2024\/08\/IMG_5481-683x1024.jpg\" alt=\"\" class=\"wp-image-1318\" srcset=\"https:\/\/sekelskiftesdagarna.se\/wp-content\/uploads\/2024\/08\/IMG_5481-683x1024.jpg 683w, https:\/\/sekelskiftesdagarna.se\/wp-content\/uploads\/2024\/08\/IMG_5481-200x300.jpg 200w, https:\/\/sekelskiftesdagarna.se\/wp-content\/uploads\/2024\/08\/IMG_5481-768x1152.jpg 768w, https:\/\/sekelskiftesdagarna.se\/wp-content\/uploads\/2024\/08\/IMG_5481-1024x1536.jpg 1024w, https:\/\/sekelskiftesdagarna.se\/wp-content\/uploads\/2024\/08\/IMG_5481-1365x2048.jpg 1365w, https:\/\/sekelskiftesdagarna.se\/wp-content\/uploads\/2024\/08\/IMG_5481-8x12.jpg 8w, https:\/\/sekelskiftesdagarna.se\/wp-content\/uploads\/2024\/08\/IMG_5481-scaled.jpg 1707w\" sizes=\"auto, (max-width: 683px) 100vw, 683px\" \/><\/figure>\n\n\n\n<figure class=\"wp-block-image size-large\"><img loading=\"lazy\" decoding=\"async\" width=\"683\" height=\"1024\" data-id=\"1317\" src=\"https:\/\/sekelskiftesdagarna.se\/wp-content\/uploads\/2024\/08\/IMG_6383-683x1024.jpg\" alt=\"\" class=\"wp-image-1317\" srcset=\"https:\/\/sekelskiftesdagarna.se\/wp-content\/uploads\/2024\/08\/IMG_6383-683x1024.jpg 683w, https:\/\/sekelskiftesdagarna.se\/wp-content\/uploads\/2024\/08\/IMG_6383-200x300.jpg 200w, https:\/\/sekelskiftesdagarna.se\/wp-content\/uploads\/2024\/08\/IMG_6383-768x1152.jpg 768w, https:\/\/sekelskiftesdagarna.se\/wp-content\/uploads\/2024\/08\/IMG_6383-1024x1536.jpg 1024w, https:\/\/sekelskiftesdagarna.se\/wp-content\/uploads\/2024\/08\/IMG_6383-1365x2048.jpg 1365w, https:\/\/sekelskiftesdagarna.se\/wp-content\/uploads\/2024\/08\/IMG_6383-8x12.jpg 8w, https:\/\/sekelskiftesdagarna.se\/wp-content\/uploads\/2024\/08\/IMG_6383-scaled.jpg 1707w\" sizes=\"auto, (max-width: 683px) 100vw, 683px\" \/><\/figure>\n<\/figure>\n\n\n\n<figure class=\"wp-block-image size-full\"><img loading=\"lazy\" decoding=\"async\" width=\"640\" height=\"426\" src=\"https:\/\/sekelskiftesdagarna.se\/wp-content\/uploads\/2024\/08\/David-och-Martin-i-Havstenssund.jpg\" alt=\"\" class=\"wp-image-1329\" srcset=\"https:\/\/sekelskiftesdagarna.se\/wp-content\/uploads\/2024\/08\/David-och-Martin-i-Havstenssund.jpg 640w, https:\/\/sekelskiftesdagarna.se\/wp-content\/uploads\/2024\/08\/David-och-Martin-i-Havstenssund-300x200.jpg 300w, https:\/\/sekelskiftesdagarna.se\/wp-content\/uploads\/2024\/08\/David-och-Martin-i-Havstenssund-18x12.jpg 18w\" sizes=\"auto, (max-width: 640px) 100vw, 640px\" \/><\/figure>\n\n\n\n<figure class=\"wp-block-gallery has-nested-images columns-default is-cropped wp-block-gallery-2 is-layout-flex wp-block-gallery-is-layout-flex\">\n<figure class=\"wp-block-image size-large\"><img loading=\"lazy\" decoding=\"async\" width=\"640\" height=\"480\" data-id=\"1326\" src=\"https:\/\/sekelskiftesdagarna.se\/wp-content\/uploads\/2024\/08\/IMG_3301-rotated.jpeg\" alt=\"\" class=\"wp-image-1326\" srcset=\"https:\/\/sekelskiftesdagarna.se\/wp-content\/uploads\/2024\/08\/IMG_3301-rotated.jpeg 640w, https:\/\/sekelskiftesdagarna.se\/wp-content\/uploads\/2024\/08\/IMG_3301-300x225.jpeg 300w, https:\/\/sekelskiftesdagarna.se\/wp-content\/uploads\/2024\/08\/IMG_3301-16x12.jpeg 16w\" sizes=\"auto, (max-width: 640px) 100vw, 640px\" \/><\/figure>\n<\/figure>\n","protected":false},"excerpt":{"rendered":"<p>Under \u00e5rets Sekelskiftesdagar kommer fyra konserter h\u00e5llas i Marstrands kyrka. P\u00e5 fredagen 16.00 bjuder Ranrike spelm\u00e4n p\u00e5 h\u00e4rlig bohusl\u00e4nsk musik.Sedan 18.30 sker den \u00e5rliga Sommarkonserten med sommarjobbare fr\u00e5n Kung\u00e4lvs kommun. Under l\u00f6rdagen kommer Martin Bagge och David Anthin framf\u00f6r en Taube afton vid 18.00. P\u00e5 s\u00f6ndagen h\u00e5ller Kung\u00e4lvs musikk\u00e5r med Magnus Johansson en konsert i &hellip; <\/p>\n<p class=\"link-more\"><a href=\"https:\/\/sekelskiftesdagarna.se\/sv_se\/2024\/08\/03\/konserter-under-sekelskiftesdagar\/\" class=\"more-link\">Forts\u00e4tt l\u00e4sa<span class=\"screen-reader-text\"> \u201dKonserter under Sekelskiftesdagar\u201d<\/span><\/a><\/p>\n","protected":false},"author":3,"featured_media":0,"comment_status":"closed","ping_status":"open","sticky":false,"template":"","format":"standard","meta":{"_oct_exclude_from_cache":false,"footnotes":""},"categories":[1],"tags":[],"class_list":["post-1316","post","type-post","status-publish","format-standard","hentry","category-okategoriserade"],"_links":{"self":[{"href":"https:\/\/sekelskiftesdagarna.se\/sv_se\/wp-json\/wp\/v2\/posts\/1316","targetHints":{"allow":["GET"]}}],"collection":[{"href":"https:\/\/sekelskiftesdagarna.se\/sv_se\/wp-json\/wp\/v2\/posts"}],"about":[{"href":"https:\/\/sekelskiftesdagarna.se\/sv_se\/wp-json\/wp\/v2\/types\/post"}],"author":[{"embeddable":true,"href":"https:\/\/sekelskiftesdagarna.se\/sv_se\/wp-json\/wp\/v2\/users\/3"}],"replies":[{"embeddable":true,"href":"https:\/\/sekelskiftesdagarna.se\/sv_se\/wp-json\/wp\/v2\/comments?post=1316"}],"version-history":[{"count":0,"href":"https:\/\/sekelskiftesdagarna.se\/sv_se\/wp-json\/wp\/v2\/posts\/1316\/revisions"}],"wp:attachment":[{"href":"https:\/\/sekelskiftesdagarna.se\/sv_se\/wp-json\/wp\/v2\/media?parent=1316"}],"wp:term":[{"taxonomy":"category","embeddable":true,"href":"https:\/\/sekelskiftesdagarna.se\/sv_se\/wp-json\/wp\/v2\/categories?post=1316"},{"taxonomy":"post_tag","embeddable":true,"href":"https:\/\/sekelskiftesdagarna.se\/sv_se\/wp-json\/wp\/v2\/tags?post=1316"}],"curies":[{"name":"wp","href":"https:\/\/api.w.org\/{rel}","templated":true}]}}