{"id":1037,"date":"2023-08-07T15:36:33","date_gmt":"2023-08-07T13:36:33","guid":{"rendered":"https:\/\/sekelskiftesdagarna.se\/?p=1037"},"modified":"2023-08-09T11:59:55","modified_gmt":"2023-08-09T09:59:55","slug":"vilken-tradgard-hittar-du-sommarjobbarna-i","status":"publish","type":"post","link":"https:\/\/sekelskiftesdagarna.se\/sv_se\/2023\/08\/07\/vilken-tradgard-hittar-du-sommarjobbarna-i\/","title":{"rendered":"Vilka tr\u00e4dg\u00e5rd hittar du sommarjobbarna i?"},"content":{"rendered":"\n<p>I \u00e5r kommer du att kunna se v\u00e5ra sommarjobbare upptr\u00e4da p\u00e5 olika st\u00e4llen p\u00e5 Marstrands\u00f6n. L\u00e4ngst ner bland bilderna i detta inl\u00e4gg hittar du en karta som visar de olika st\u00e4llena. Det kommer \u00e4ven st\u00e5 skyltar utanf\u00f6r tr\u00e4dg\u00e5rdarna s\u00e5 att man vet vart man ska g\u00e5 in eftersom det kan vara lite klurigt att lista ut p\u00e5 vissa st\u00e4llen. Du kan \u00e4ven se sommarjobbarna p\u00e5 deras konsert 5 augusti 18.00 i Marstrands kyrka.<\/p>\n\n\n\n<p>Cornelia, Adam, Signe och Sophia kan du se<br>Fredag:<br>10.00-10.30 \u2013 Havet<br>10.45-11.15 \u2013 Sinnernas Tr\u00e4dg\u00e5rd<br>11.30-12.00 \u2013 Sommarhotellet<\/p>\n\n\n\n<p>13.00-13.30 \u2013 Paradisparken<br>13.45-14.15 \u2013 K\u00f6pmansg\u00e5rden<br>14.30-15.00 \u2013 Willa Aruga<br>15.15-15.45 \u2013 Sinnernas Tr\u00e4dg\u00e5rd<\/p>\n\n\n\n<p>Elina, Tilde, Tilja och Anton kan du se<br>Fredag:<br>10.00-10.30 \u2013 Sommarhotellet<br>10.45-11.15 \u2013 K\u00f6pmansg\u00e5rden<br>11.30-12.00 \u2013 Havet<\/p>\n\n\n\n<p>13.00-13.30 \u2013 Sinnernas Tr\u00e4dg\u00e5rd<br>13.45-14.15 \u2013 Willa Aruga<br>14.30-15.00 \u2013 Paradisparken<br>15.15-15.45 \u2013 Sommarhotellet<\/p>\n\n\n\n<p>Leia, Felicia, Sedra och Elin kan du se<br>Fredag:<br>10.00-10.30 \u2013 Paradisparken<br>10.45-11.15 \u2013 Havet<br>11.30-12.00 \u2013 K\u00f6pmansg\u00e5rden<\/p>\n\n\n\n<p>13.00-13.30 \u2013 Willa Aruga<br>13.45-14.15 \u2013 Sommarhotellet<br>14.30-15.00 \u2013 Sinnernas Tr\u00e4dg\u00e5rd<br>15.15-15.45 \u2013 K\u00f6pmansg\u00e5rden<\/p>\n\n\n\n<p>Cornelia, Adam, Signe och Sophia kan du se<br>L\u00f6rdag:<br>10.00-10.30 \u2013 Sinnernas Tr\u00e4dg\u00e5rd<br>10.40-11.10 \u2013 Sommarhotellet<br>11.20-11.50 \u2013 Willa Aruga<\/p>\n\n\n\n<p>15.30-16.00 \u2013 K\u00f6pmansg\u00e5rden<\/p>\n\n\n\n<p>Elina, Tilde, Tilja och Anton kan du se<br>L\u00f6rdag:<br>10.00-10.30 \u2013 Paradisparken<br>10.40-11.10 \u2013 Sinnernas Tr\u00e4dg\u00e5rd<br>11.20-11.50 \u2013 Havet<\/p>\n\n\n\n<p>15.30-16.00 \u2013 Sommarhotellet<\/p>\n\n\n\n<p>Leia, Felicia, Sedra och Elin kan du se<br>L\u00f6rdag:<br>10.00-10.30 &#8211; K\u00f6pmansg\u00e5rden<br>10.40-11.10 \u2013 Paradisparken<br>11.20-11.50 \u2013 Sommarhotellet<\/p>\n\n\n\n<p>15.30-16.00 \u2013 Havet<\/p>\n\n\n\n<p>Cornelia, Adam, Signe och Sophia kan du se<br>S\u00f6ndag:<br>10.00-10.30 \u2013 Sommarhotellet<br>10.40-11.10 \u2013 Sinnernas Tr\u00e4dg\u00e5rd<br>11.20-11.50 \u2013 Havet<\/p>\n\n\n\n<p>Elina, Tilde, Tilja och Anton kan du se<br>S\u00f6ndag:<br>10.00-10.30 \u2013 K\u00f6pmansg\u00e5rden<br>10.40-11.10 \u2013 Sommarhotellet<br>11.20-11.50 \u2013 Paradisparken<\/p>\n\n\n\n<p>Leia, Felicia, Sedra och Elin kan du se<br>S\u00f6ndag:<br>10.00-10.30 \u2013 Sinnernas Tr\u00e4dg\u00e5rd<br>10.40-11.10 \u2013 Paradisparken<br>11.20-11.50 &#8211; Sommarhotellet<\/p>\n\n\n\n<figure class=\"wp-block-image size-large\"><img loading=\"lazy\" decoding=\"async\" width=\"1024\" height=\"768\" src=\"https:\/\/sekelskiftesdagarna.se\/wp-content\/uploads\/2023\/08\/IMG_8310.HEIC-1024x768.jpeg\" alt=\"\" class=\"wp-image-1045\" srcset=\"https:\/\/sekelskiftesdagarna.se\/wp-content\/uploads\/2023\/08\/IMG_8310.HEIC-1024x768.jpeg 1024w, https:\/\/sekelskiftesdagarna.se\/wp-content\/uploads\/2023\/08\/IMG_8310.HEIC-300x225.jpeg 300w, https:\/\/sekelskiftesdagarna.se\/wp-content\/uploads\/2023\/08\/IMG_8310.HEIC-768x576.jpeg 768w, https:\/\/sekelskiftesdagarna.se\/wp-content\/uploads\/2023\/08\/IMG_8310.HEIC-1536x1152.jpeg 1536w, https:\/\/sekelskiftesdagarna.se\/wp-content\/uploads\/2023\/08\/IMG_8310.HEIC-2048x1536.jpeg 2048w, https:\/\/sekelskiftesdagarna.se\/wp-content\/uploads\/2023\/08\/IMG_8310.HEIC-16x12.jpeg 16w\" sizes=\"auto, (max-width: 767px) 89vw, (max-width: 1000px) 54vw, (max-width: 1071px) 543px, 580px\" \/><\/figure>\n\n\n\n<figure class=\"wp-block-image size-full\"><img loading=\"lazy\" decoding=\"async\" width=\"756\" height=\"512\" src=\"https:\/\/sekelskiftesdagarna.se\/wp-content\/uploads\/2023\/06\/Bild41.jpg\" alt=\"\" class=\"wp-image-945\" srcset=\"https:\/\/sekelskiftesdagarna.se\/wp-content\/uploads\/2023\/06\/Bild41.jpg 756w, https:\/\/sekelskiftesdagarna.se\/wp-content\/uploads\/2023\/06\/Bild41-300x203.jpg 300w\" sizes=\"auto, (max-width: 706px) 89vw, (max-width: 767px) 82vw, 740px\" \/><\/figure>\n","protected":false},"excerpt":{"rendered":"<p>I \u00e5r kommer du att kunna se v\u00e5ra sommarjobbare upptr\u00e4da p\u00e5 olika st\u00e4llen p\u00e5 Marstrands\u00f6n. L\u00e4ngst ner bland bilderna i detta inl\u00e4gg hittar du en karta som visar de olika st\u00e4llena. Det kommer \u00e4ven st\u00e5 skyltar utanf\u00f6r tr\u00e4dg\u00e5rdarna s\u00e5 att man vet vart man ska g\u00e5 in eftersom det kan vara lite klurigt att lista &hellip; <\/p>\n<p class=\"link-more\"><a href=\"https:\/\/sekelskiftesdagarna.se\/sv_se\/2023\/08\/07\/vilken-tradgard-hittar-du-sommarjobbarna-i\/\" class=\"more-link\">Forts\u00e4tt l\u00e4sa<span class=\"screen-reader-text\"> \u201dVilka tr\u00e4dg\u00e5rd hittar du sommarjobbarna i?\u201d<\/span><\/a><\/p>\n","protected":false},"author":3,"featured_media":0,"comment_status":"closed","ping_status":"open","sticky":false,"template":"","format":"standard","meta":{"_oct_exclude_from_cache":false,"footnotes":""},"categories":[1],"tags":[],"class_list":["post-1037","post","type-post","status-publish","format-standard","hentry","category-okategoriserade"],"_links":{"self":[{"href":"https:\/\/sekelskiftesdagarna.se\/sv_se\/wp-json\/wp\/v2\/posts\/1037","targetHints":{"allow":["GET"]}}],"collection":[{"href":"https:\/\/sekelskiftesdagarna.se\/sv_se\/wp-json\/wp\/v2\/posts"}],"about":[{"href":"https:\/\/sekelskiftesdagarna.se\/sv_se\/wp-json\/wp\/v2\/types\/post"}],"author":[{"embeddable":true,"href":"https:\/\/sekelskiftesdagarna.se\/sv_se\/wp-json\/wp\/v2\/users\/3"}],"replies":[{"embeddable":true,"href":"https:\/\/sekelskiftesdagarna.se\/sv_se\/wp-json\/wp\/v2\/comments?post=1037"}],"version-history":[{"count":0,"href":"https:\/\/sekelskiftesdagarna.se\/sv_se\/wp-json\/wp\/v2\/posts\/1037\/revisions"}],"wp:attachment":[{"href":"https:\/\/sekelskiftesdagarna.se\/sv_se\/wp-json\/wp\/v2\/media?parent=1037"}],"wp:term":[{"taxonomy":"category","embeddable":true,"href":"https:\/\/sekelskiftesdagarna.se\/sv_se\/wp-json\/wp\/v2\/categories?post=1037"},{"taxonomy":"post_tag","embeddable":true,"href":"https:\/\/sekelskiftesdagarna.se\/sv_se\/wp-json\/wp\/v2\/tags?post=1037"}],"curies":[{"name":"wp","href":"https:\/\/api.w.org\/{rel}","templated":true}]}}