{"id":1012,"date":"2023-07-12T14:51:29","date_gmt":"2023-07-12T12:51:29","guid":{"rendered":"https:\/\/sekelskiftesdagarna.se\/?p=1012"},"modified":"2023-07-15T15:09:54","modified_gmt":"2023-07-15T13:09:54","slug":"trabatsfestivalen-2023","status":"publish","type":"post","link":"https:\/\/sekelskiftesdagarna.se\/en\/2023\/07\/12\/trabatsfestivalen-2023\/","title":{"rendered":"The Wooden Boat Festival 2023"},"content":{"rendered":"<p>Last year, Victorian Days initiated a collaboration with the West Coast Wooden Boat Association. This year, we visited their fantastic Wooden Boat Festival in Sk\u00e4rhamn. We were stationed in a tent alongside the Rope Maker's Museum, among others, sharing what Victorian Days is all about. It was a successful day with many distributed flyers and program brochures. <\/p>\n\n\n\n<p>The day ended with a nice dinner where all the wooden boat owners who participated in the event were invited. We also invited them to our event and hope that many beautiful wooden boats will grace Marstrand during the Victorian Days. <\/p>\n\n\n\n<figure class=\"wp-block-gallery has-nested-images columns-default is-cropped wp-block-gallery-1 is-layout-flex wp-block-gallery-is-layout-flex\">\n<figure class=\"wp-block-image size-large\"><img loading=\"lazy\" decoding=\"async\" width=\"1024\" height=\"768\" data-id=\"1020\" src=\"https:\/\/sekelskiftesdagarna.se\/wp-content\/uploads\/2023\/07\/IMG_8159.HEIC-1-1024x768.jpeg\" alt=\"\" class=\"wp-image-1020\" srcset=\"https:\/\/sekelskiftesdagarna.se\/wp-content\/uploads\/2023\/07\/IMG_8159.HEIC-1-1024x768.jpeg 1024w, https:\/\/sekelskiftesdagarna.se\/wp-content\/uploads\/2023\/07\/IMG_8159.HEIC-1-300x225.jpeg 300w, https:\/\/sekelskiftesdagarna.se\/wp-content\/uploads\/2023\/07\/IMG_8159.HEIC-1-768x576.jpeg 768w, https:\/\/sekelskiftesdagarna.se\/wp-content\/uploads\/2023\/07\/IMG_8159.HEIC-1-1536x1152.jpeg 1536w, https:\/\/sekelskiftesdagarna.se\/wp-content\/uploads\/2023\/07\/IMG_8159.HEIC-1-2048x1536.jpeg 2048w, https:\/\/sekelskiftesdagarna.se\/wp-content\/uploads\/2023\/07\/IMG_8159.HEIC-1-16x12.jpeg 16w\" sizes=\"auto, (max-width: 767px) 89vw, (max-width: 1000px) 54vw, (max-width: 1071px) 543px, 580px\" \/><figcaption class=\"wp-element-caption\">The Event Pier in Sk\u00e4rhamn<\/figcaption><\/figure>\n\n\n\n<figure class=\"wp-block-image size-large\"><img loading=\"lazy\" decoding=\"async\" width=\"1024\" height=\"683\" data-id=\"1021\" src=\"https:\/\/sekelskiftesdagarna.se\/wp-content\/uploads\/2023\/07\/4Y1A1429-1-1024x683.jpg\" alt=\"\" class=\"wp-image-1021\" srcset=\"https:\/\/sekelskiftesdagarna.se\/wp-content\/uploads\/2023\/07\/4Y1A1429-1-1024x683.jpg 1024w, https:\/\/sekelskiftesdagarna.se\/wp-content\/uploads\/2023\/07\/4Y1A1429-1-300x200.jpg 300w, https:\/\/sekelskiftesdagarna.se\/wp-content\/uploads\/2023\/07\/4Y1A1429-1-768x512.jpg 768w, https:\/\/sekelskiftesdagarna.se\/wp-content\/uploads\/2023\/07\/4Y1A1429-1-1536x1024.jpg 1536w, https:\/\/sekelskiftesdagarna.se\/wp-content\/uploads\/2023\/07\/4Y1A1429-1-2048x1365.jpg 2048w, https:\/\/sekelskiftesdagarna.se\/wp-content\/uploads\/2023\/07\/4Y1A1429-1-18x12.jpg 18w\" sizes=\"auto, (max-width: 767px) 89vw, (max-width: 1000px) 54vw, (max-width: 1071px) 543px, 580px\" \/><figcaption class=\"wp-element-caption\">The Victorian Days in the tent<\/figcaption><\/figure>\n<\/figure>\n\n\n\n<figure class=\"wp-block-gallery has-nested-images columns-default is-cropped wp-block-gallery-2 is-layout-flex wp-block-gallery-is-layout-flex\">\n<figure class=\"wp-block-image size-large\"><img loading=\"lazy\" decoding=\"async\" width=\"1024\" height=\"683\" data-id=\"1024\" src=\"https:\/\/sekelskiftesdagarna.se\/wp-content\/uploads\/2023\/07\/4Y1A1448-1-1024x683.jpg\" alt=\"\" class=\"wp-image-1024\" srcset=\"https:\/\/sekelskiftesdagarna.se\/wp-content\/uploads\/2023\/07\/4Y1A1448-1-1024x683.jpg 1024w, https:\/\/sekelskiftesdagarna.se\/wp-content\/uploads\/2023\/07\/4Y1A1448-1-300x200.jpg 300w, https:\/\/sekelskiftesdagarna.se\/wp-content\/uploads\/2023\/07\/4Y1A1448-1-768x512.jpg 768w, https:\/\/sekelskiftesdagarna.se\/wp-content\/uploads\/2023\/07\/4Y1A1448-1-1536x1024.jpg 1536w, https:\/\/sekelskiftesdagarna.se\/wp-content\/uploads\/2023\/07\/4Y1A1448-1-2048x1365.jpg 2048w, https:\/\/sekelskiftesdagarna.se\/wp-content\/uploads\/2023\/07\/4Y1A1448-1-18x12.jpg 18w\" sizes=\"auto, (max-width: 767px) 89vw, (max-width: 1000px) 54vw, (max-width: 1071px) 543px, 580px\" \/><figcaption class=\"wp-element-caption\">After a lovely lunch on the quay<\/figcaption><\/figure>\n\n\n\n<figure class=\"wp-block-image size-large\"><img loading=\"lazy\" decoding=\"async\" width=\"1024\" height=\"768\" data-id=\"1022\" src=\"https:\/\/sekelskiftesdagarna.se\/wp-content\/uploads\/2023\/07\/IMG_8160.HEIC-2-1024x768.jpeg\" alt=\"\" class=\"wp-image-1022\" srcset=\"https:\/\/sekelskiftesdagarna.se\/wp-content\/uploads\/2023\/07\/IMG_8160.HEIC-2-1024x768.jpeg 1024w, https:\/\/sekelskiftesdagarna.se\/wp-content\/uploads\/2023\/07\/IMG_8160.HEIC-2-300x225.jpeg 300w, https:\/\/sekelskiftesdagarna.se\/wp-content\/uploads\/2023\/07\/IMG_8160.HEIC-2-768x576.jpeg 768w, https:\/\/sekelskiftesdagarna.se\/wp-content\/uploads\/2023\/07\/IMG_8160.HEIC-2-1536x1152.jpeg 1536w, https:\/\/sekelskiftesdagarna.se\/wp-content\/uploads\/2023\/07\/IMG_8160.HEIC-2-2048x1536.jpeg 2048w, https:\/\/sekelskiftesdagarna.se\/wp-content\/uploads\/2023\/07\/IMG_8160.HEIC-2-16x12.jpeg 16w\" sizes=\"auto, (max-width: 767px) 89vw, (max-width: 1000px) 54vw, (max-width: 1071px) 543px, 580px\" \/><figcaption class=\"wp-element-caption\">Bohusl\u00e4n docked at the Maritime Museum<\/figcaption><\/figure>\n<\/figure>","protected":false},"excerpt":{"rendered":"<p>Sekelskiftesdagarna inledd f\u00f6rra \u00e5ret ett samarbete med V\u00e4stkustens Tr\u00e4b\u00e5tsf\u00f6rening. I \u00e5r bes\u00f6kte vi deras fantastiska Tr\u00e4b\u00e5tsfestival i Sk\u00e4rhamn. Vi stod i ett t\u00e4lt med bl.a. Repslagarmuseet och delade med oss av vad Sekelskiftesdagarna \u00e4r f\u00f6r n\u00e5gonting. Det var en lyckad dag med m\u00e5nga utdelade flyers och programblad. Dagen avslutades med en trevlig middag d\u00e4r alla &hellip; <\/p>\n<p class=\"link-more\"><a href=\"https:\/\/sekelskiftesdagarna.se\/en\/2023\/07\/12\/trabatsfestivalen-2023\/\" class=\"more-link\">Continue reading<span class=\"screen-reader-text\"> &#8221;Tr\u00e4b\u00e5tsfestivalen 2023&#8221;<\/span><\/a><\/p>","protected":false},"author":3,"featured_media":0,"comment_status":"closed","ping_status":"open","sticky":false,"template":"","format":"standard","meta":{"_oct_exclude_from_cache":false,"footnotes":""},"categories":[1],"tags":[],"class_list":["post-1012","post","type-post","status-publish","format-standard","hentry","category-okategoriserade"],"_links":{"self":[{"href":"https:\/\/sekelskiftesdagarna.se\/en\/wp-json\/wp\/v2\/posts\/1012","targetHints":{"allow":["GET"]}}],"collection":[{"href":"https:\/\/sekelskiftesdagarna.se\/en\/wp-json\/wp\/v2\/posts"}],"about":[{"href":"https:\/\/sekelskiftesdagarna.se\/en\/wp-json\/wp\/v2\/types\/post"}],"author":[{"embeddable":true,"href":"https:\/\/sekelskiftesdagarna.se\/en\/wp-json\/wp\/v2\/users\/3"}],"replies":[{"embeddable":true,"href":"https:\/\/sekelskiftesdagarna.se\/en\/wp-json\/wp\/v2\/comments?post=1012"}],"version-history":[{"count":0,"href":"https:\/\/sekelskiftesdagarna.se\/en\/wp-json\/wp\/v2\/posts\/1012\/revisions"}],"wp:attachment":[{"href":"https:\/\/sekelskiftesdagarna.se\/en\/wp-json\/wp\/v2\/media?parent=1012"}],"wp:term":[{"taxonomy":"category","embeddable":true,"href":"https:\/\/sekelskiftesdagarna.se\/en\/wp-json\/wp\/v2\/categories?post=1012"},{"taxonomy":"post_tag","embeddable":true,"href":"https:\/\/sekelskiftesdagarna.se\/en\/wp-json\/wp\/v2\/tags?post=1012"}],"curies":[{"name":"wp","href":"https:\/\/api.w.org\/{rel}","templated":true}]}}