{"id":893,"date":"2020-11-10T17:05:00","date_gmt":"2020-11-10T16:05:00","guid":{"rendered":"https:\/\/sekelskiftesdagarna.se\/?p=893"},"modified":"2023-06-15T17:06:44","modified_gmt":"2023-06-15T15:06:44","slug":"1800-talssallskapets-inbjudan","status":"publish","type":"post","link":"http:\/\/sekelskiftesdagarna.se\/sv_se\/2020\/11\/10\/1800-talssallskapets-inbjudan\/","title":{"rendered":"1800-talss\u00e4llskapets inbjudan"},"content":{"rendered":"\n<p>I \u00e5r under de digitala Sekelskiftesdagarna spelade 1800-talss\u00e4llskapet in en inbjudan till n\u00e4sta \u00e5rs Sekelskiftesdagar. Spana in videon och f\u00e5 reda p\u00e5 mer eller l\u00e4s mer om det p\u00e5 deras hemsida&nbsp;<a href=\"http:\/\/1800.se\/\">http:\/\/1800.se\/<\/a><\/p>\n\n\n\n<figure class=\"wp-block-embed is-type-video is-provider-youtube wp-block-embed-youtube wp-embed-aspect-16-9 wp-has-aspect-ratio\"><div class=\"wp-block-embed__wrapper\">\n<iframe loading=\"lazy\" title=\"1800-talss\u00e4llskapets inbjudan\" width=\"525\" height=\"295\" src=\"https:\/\/www.youtube.com\/embed\/QzP4nfKwEc8?feature=oembed\" frameborder=\"0\" allow=\"accelerometer; autoplay; clipboard-write; encrypted-media; gyroscope; picture-in-picture; web-share\" referrerpolicy=\"strict-origin-when-cross-origin\" allowfullscreen><\/iframe>\n<\/div><\/figure>\n","protected":false},"excerpt":{"rendered":"<p>I \u00e5r under de digitala Sekelskiftesdagarna spelade 1800-talss\u00e4llskapet in en inbjudan till n\u00e4sta \u00e5rs Sekelskiftesdagar. Spana in videon och f\u00e5 reda p\u00e5 mer eller l\u00e4s mer om det p\u00e5 deras hemsida&nbsp;http:\/\/1800.se\/<\/p>\n","protected":false},"author":3,"featured_media":0,"comment_status":"closed","ping_status":"open","sticky":false,"template":"","format":"standard","meta":{"_oct_exclude_from_cache":false,"footnotes":""},"categories":[1],"tags":[],"class_list":["post-893","post","type-post","status-publish","format-standard","hentry","category-okategoriserade"],"_links":{"self":[{"href":"http:\/\/sekelskiftesdagarna.se\/sv_se\/wp-json\/wp\/v2\/posts\/893","targetHints":{"allow":["GET"]}}],"collection":[{"href":"http:\/\/sekelskiftesdagarna.se\/sv_se\/wp-json\/wp\/v2\/posts"}],"about":[{"href":"http:\/\/sekelskiftesdagarna.se\/sv_se\/wp-json\/wp\/v2\/types\/post"}],"author":[{"embeddable":true,"href":"http:\/\/sekelskiftesdagarna.se\/sv_se\/wp-json\/wp\/v2\/users\/3"}],"replies":[{"embeddable":true,"href":"http:\/\/sekelskiftesdagarna.se\/sv_se\/wp-json\/wp\/v2\/comments?post=893"}],"version-history":[{"count":0,"href":"http:\/\/sekelskiftesdagarna.se\/sv_se\/wp-json\/wp\/v2\/posts\/893\/revisions"}],"wp:attachment":[{"href":"http:\/\/sekelskiftesdagarna.se\/sv_se\/wp-json\/wp\/v2\/media?parent=893"}],"wp:term":[{"taxonomy":"category","embeddable":true,"href":"http:\/\/sekelskiftesdagarna.se\/sv_se\/wp-json\/wp\/v2\/categories?post=893"},{"taxonomy":"post_tag","embeddable":true,"href":"http:\/\/sekelskiftesdagarna.se\/sv_se\/wp-json\/wp\/v2\/tags?post=893"}],"curies":[{"name":"wp","href":"https:\/\/api.w.org\/{rel}","templated":true}]}}