{"id":1322,"date":"2024-08-04T12:21:09","date_gmt":"2024-08-04T10:21:09","guid":{"rendered":"https:\/\/sekelskiftesdagarna.se\/?p=1322"},"modified":"2024-08-02T13:18:38","modified_gmt":"2024-08-02T11:18:38","slug":"picknick-i-paradisparken","status":"publish","type":"post","link":"http:\/\/sekelskiftesdagarna.se\/sv_se\/2024\/08\/04\/picknick-i-paradisparken\/","title":{"rendered":"Picknick i Paradisparken"},"content":{"rendered":"\n<p>Under s\u00f6ndagen 11 augusti bjuder <a href=\"https:\/\/1800.se\/\">1800-tals s\u00e4llskapet<\/a> till picknick i Paradisparken.<\/p>\n\n\n\n<p>Kom dit och se deras vackra kl\u00e4nningar! <\/p>\n\n\n\n<figure class=\"wp-block-gallery has-nested-images columns-default is-cropped wp-block-gallery-1 is-layout-flex wp-block-gallery-is-layout-flex\">\n<figure class=\"wp-block-image size-large\"><img loading=\"lazy\" decoding=\"async\" width=\"1024\" height=\"812\" data-id=\"1323\" src=\"https:\/\/sekelskiftesdagarna.se\/wp-content\/uploads\/2024\/08\/06082022-DSC_0168-1024x812.jpg\" alt=\"\" class=\"wp-image-1323\" srcset=\"https:\/\/sekelskiftesdagarna.se\/wp-content\/uploads\/2024\/08\/06082022-DSC_0168-1024x812.jpg 1024w, https:\/\/sekelskiftesdagarna.se\/wp-content\/uploads\/2024\/08\/06082022-DSC_0168-300x238.jpg 300w, https:\/\/sekelskiftesdagarna.se\/wp-content\/uploads\/2024\/08\/06082022-DSC_0168-768x609.jpg 768w, https:\/\/sekelskiftesdagarna.se\/wp-content\/uploads\/2024\/08\/06082022-DSC_0168-1536x1217.jpg 1536w, https:\/\/sekelskiftesdagarna.se\/wp-content\/uploads\/2024\/08\/06082022-DSC_0168-2048x1623.jpg 2048w, https:\/\/sekelskiftesdagarna.se\/wp-content\/uploads\/2024\/08\/06082022-DSC_0168-15x12.jpg 15w\" sizes=\"auto, (max-width: 767px) 89vw, (max-width: 1000px) 54vw, (max-width: 1071px) 543px, 580px\" \/><\/figure>\n\n\n\n<figure class=\"wp-block-image size-large\"><img loading=\"lazy\" decoding=\"async\" width=\"1024\" height=\"575\" data-id=\"1324\" src=\"https:\/\/sekelskiftesdagarna.se\/wp-content\/uploads\/2024\/08\/IMG_8179-1024x575.jpg\" alt=\"\" class=\"wp-image-1324\" srcset=\"https:\/\/sekelskiftesdagarna.se\/wp-content\/uploads\/2024\/08\/IMG_8179-1024x575.jpg 1024w, https:\/\/sekelskiftesdagarna.se\/wp-content\/uploads\/2024\/08\/IMG_8179-300x168.jpg 300w, https:\/\/sekelskiftesdagarna.se\/wp-content\/uploads\/2024\/08\/IMG_8179-768x431.jpg 768w, https:\/\/sekelskiftesdagarna.se\/wp-content\/uploads\/2024\/08\/IMG_8179-1536x862.jpg 1536w, https:\/\/sekelskiftesdagarna.se\/wp-content\/uploads\/2024\/08\/IMG_8179-2048x1150.jpg 2048w, https:\/\/sekelskiftesdagarna.se\/wp-content\/uploads\/2024\/08\/IMG_8179-18x10.jpg 18w\" sizes=\"auto, (max-width: 767px) 89vw, (max-width: 1000px) 54vw, (max-width: 1071px) 543px, 580px\" \/><\/figure>\n<\/figure>\n","protected":false},"excerpt":{"rendered":"<p>Under s\u00f6ndagen 11 augusti bjuder 1800-tals s\u00e4llskapet till picknick i Paradisparken. Kom dit och se deras vackra kl\u00e4nningar!<\/p>\n","protected":false},"author":3,"featured_media":0,"comment_status":"closed","ping_status":"open","sticky":false,"template":"","format":"standard","meta":{"_oct_exclude_from_cache":false,"footnotes":""},"categories":[1],"tags":[],"class_list":["post-1322","post","type-post","status-publish","format-standard","hentry","category-okategoriserade"],"_links":{"self":[{"href":"http:\/\/sekelskiftesdagarna.se\/sv_se\/wp-json\/wp\/v2\/posts\/1322","targetHints":{"allow":["GET"]}}],"collection":[{"href":"http:\/\/sekelskiftesdagarna.se\/sv_se\/wp-json\/wp\/v2\/posts"}],"about":[{"href":"http:\/\/sekelskiftesdagarna.se\/sv_se\/wp-json\/wp\/v2\/types\/post"}],"author":[{"embeddable":true,"href":"http:\/\/sekelskiftesdagarna.se\/sv_se\/wp-json\/wp\/v2\/users\/3"}],"replies":[{"embeddable":true,"href":"http:\/\/sekelskiftesdagarna.se\/sv_se\/wp-json\/wp\/v2\/comments?post=1322"}],"version-history":[{"count":0,"href":"http:\/\/sekelskiftesdagarna.se\/sv_se\/wp-json\/wp\/v2\/posts\/1322\/revisions"}],"wp:attachment":[{"href":"http:\/\/sekelskiftesdagarna.se\/sv_se\/wp-json\/wp\/v2\/media?parent=1322"}],"wp:term":[{"taxonomy":"category","embeddable":true,"href":"http:\/\/sekelskiftesdagarna.se\/sv_se\/wp-json\/wp\/v2\/categories?post=1322"},{"taxonomy":"post_tag","embeddable":true,"href":"http:\/\/sekelskiftesdagarna.se\/sv_se\/wp-json\/wp\/v2\/tags?post=1322"}],"curies":[{"name":"wp","href":"https:\/\/api.w.org\/{rel}","templated":true}]}}